{"id":208,"date":"2024-06-06T17:24:48","date_gmt":"2024-06-06T15:24:48","guid":{"rendered":"https:\/\/archifilm.fr\/wp\/?p=208"},"modified":"2024-06-07T15:13:41","modified_gmt":"2024-06-07T13:13:41","slug":"atlantic-bar-fanny-molins-2023","status":"publish","type":"post","link":"https:\/\/archifilm.fr\/wp\/?p=208","title":{"rendered":"Atlantic Bar, Fanny Molins, 2023"},"content":{"rendered":"\n<p class=\"has-text-align-center\">_<\/p>\n\n\n\n<p><\/p>\n\n\n\n<p><strong>Bande annonce<\/strong><\/p>\n\n\n\n<p><\/p>\n\n\n\n<figure class=\"wp-block-embed is-type-video is-provider-youtube wp-block-embed-youtube wp-embed-aspect-16-9 wp-has-aspect-ratio\"><div class=\"wp-block-embed__wrapper\">\n<iframe title=\"Bande-annonce | ATLANTIC BAR de Fanny Molins\" width=\"950\" height=\"534\" src=\"https:\/\/www.youtube.com\/embed\/L1tYglsdTo0?feature=oembed\" frameborder=\"0\" allow=\"accelerometer; autoplay; clipboard-write; encrypted-media; gyroscope; picture-in-picture; web-share\" referrerpolicy=\"strict-origin-when-cross-origin\" allowfullscreen><\/iframe>\n<\/div><\/figure>\n\n\n\n<p class=\"has-text-align-center\">_<\/p>\n\n\n\n<p><\/p>\n\n\n\n<figure class=\"wp-block-table\"><table><tbody><tr><td class=\"has-text-align-center\" data-align=\"center\"><strong>Mots cl\u00e9s<\/strong><\/td><\/tr><tr><td class=\"has-text-align-center\" data-align=\"center\">Fanny Molins, documentaire<\/td><\/tr><tr><td class=\"has-text-align-center\" data-align=\"center\">bar, appartement, appartement de fonction, comptoir, vitrine, espace public, gentrification, tour Luma<\/td><\/tr><\/tbody><\/table><\/figure>\n\n\n\n<p><\/p>\n\n\n\n<p class=\"has-text-align-center\">_<\/p>\n\n\n\n<p><\/p>\n\n\n\n<p><strong>R\u00e9sum\u00e9<\/strong><\/p>\n\n\n\n<div class=\"wp-block-media-text is-stacked-on-mobile has-background-background-color has-background\"><figure class=\"wp-block-media-text__media\"><img fetchpriority=\"high\" decoding=\"async\" width=\"1024\" height=\"770\" src=\"https:\/\/archifilm.fr\/wp\/wp-content\/uploads\/2024\/06\/bar2-1024x770.jpg\" alt=\"\" class=\"wp-image-210 size-full\" srcset=\"https:\/\/archifilm.fr\/wp\/wp-content\/uploads\/2024\/06\/bar2-1024x770.jpg 1024w, https:\/\/archifilm.fr\/wp\/wp-content\/uploads\/2024\/06\/bar2-300x226.jpg 300w, https:\/\/archifilm.fr\/wp\/wp-content\/uploads\/2024\/06\/bar2.jpg 1277w\" sizes=\"(max-width: 1024px) 100vw, 1024px\" \/><\/figure><div class=\"wp-block-media-text__content\">\n<p>\u00c0 l&rsquo;Atlantic Bar, \u00e0 Arles, Nathalie, la patronne, est le centre de l&rsquo;attention. Ici, on chante, on danse, on se tient les uns aux autres. Apr\u00e8s l&rsquo;annonce de la mise en vente du bar, Nathalie et les habitu\u00e9s se confrontent \u00e0 la fin de leur monde et d&rsquo;un lieu \u00e0 la fois destructeur et vital.<\/p>\n\n\n\n<p><br><\/p>\n<\/div><\/div>\n\n\n\n<div class=\"wp-block-media-text has-media-on-the-right is-stacked-on-mobile\"><div class=\"wp-block-media-text__content\">\n<p>Nathalie, on la conna\u00eet. On l&rsquo;a tous vue, fi\u00e8rement camp\u00e9e derri\u00e8re son comptoir. Entendue, avec sa voix \u00e9raill\u00e9e par le tabac et l&rsquo;alcool, entour\u00e9e de la garde rapproch\u00e9e de ses piliers du bar. Tout \u00e7a on le conna\u00eet, ou on croit le conna\u00eetre, pour peu bien s\u00fbr qu&rsquo;on ait d\u00e9j\u00e0 franchi la devanture sans qualit\u00e9 d&rsquo;un de ces caf\u00e9s populaires qui restent le centre n\u00e9vralgique des villes et villages fran\u00e7ais, o\u00f9 l&rsquo;on refait le monde \u00e0 coup de caf\u00e9, de blanc sec, de bi\u00e8re ou de pastis. Et pourtant, \u00e0 mesure que la r\u00e9alisatrice Fanny Molins creuse ce minuscule territoire aux marges des quartiers chics de Arles, c&rsquo;est une histoire bien plus riche que ce \u00e0 quoi on s&rsquo;attend qu&rsquo;on est invit\u00e9 \u00e0 d\u00e9couvrir, une histoire faite de rencontres, d&rsquo;amours, et de drames.&nbsp;<\/p>\n<\/div><figure class=\"wp-block-media-text__media\"><img decoding=\"async\" width=\"1023\" height=\"769\" src=\"https:\/\/archifilm.fr\/wp\/wp-content\/uploads\/2024\/06\/atlantic-bar.jpg\" alt=\"\" class=\"wp-image-211 size-full\" srcset=\"https:\/\/archifilm.fr\/wp\/wp-content\/uploads\/2024\/06\/atlantic-bar.jpg 1023w, https:\/\/archifilm.fr\/wp\/wp-content\/uploads\/2024\/06\/atlantic-bar-300x226.jpg 300w\" sizes=\"(max-width: 1023px) 100vw, 1023px\" \/><\/figure><\/div>\n\n\n\n<div class=\"wp-block-media-text is-stacked-on-mobile has-background-background-color has-background\"><figure class=\"wp-block-media-text__media\"><img decoding=\"async\" width=\"1024\" height=\"580\" src=\"https:\/\/archifilm.fr\/wp\/wp-content\/uploads\/2024\/06\/bar3-1024x580.jpg\" alt=\"\" class=\"wp-image-212 size-full\" srcset=\"https:\/\/archifilm.fr\/wp\/wp-content\/uploads\/2024\/06\/bar3-1024x580.jpg 1024w, https:\/\/archifilm.fr\/wp\/wp-content\/uploads\/2024\/06\/bar3-300x170.jpg 300w, https:\/\/archifilm.fr\/wp\/wp-content\/uploads\/2024\/06\/bar3.jpg 1200w\" sizes=\"(max-width: 1024px) 100vw, 1024px\" \/><\/figure><div class=\"wp-block-media-text__content\">\n<p>\u00ab Invit\u00e9 \u00bb parce que c&rsquo;est avec beaucoup de pudeur et de douceur qu&rsquo;on p\u00e9n\u00e8tre dans ce lieu et ces r\u00e9cits de vie caboss\u00e9e, o\u00f9 les personnages avec qui on se lie s&rsquo;adressent \u00e0 nous comme des h\u00f4tes attentifs conscients de notre capacit\u00e9 \u00e0 recevoir leur parole.&nbsp;<\/p>\n\n\n\n<p>Derri\u00e8re ces destins singuliers, mis en lumi\u00e8re par la beaut\u00e9 du cadre et le travail sur la couleur, c&rsquo;est aussi un monde en p\u00e9ril que nous d\u00e9voile la r\u00e9alisatrice. Car l&rsquo;Atlantic Bar est menac\u00e9 par les app\u00e9tits de la gentrification. Nathalie et Jean-Jacques risquent de perdre leur bail et leurs habitu\u00e9s, le dernier lieu o\u00f9 ils pouvaient retrouver une solidarit\u00e9 et une \u00e9coute, penser leur corps meurtris par le travail et leurs c\u0153urs bless\u00e9s par les revers de la vie. Alors la r\u00e9sistance se met en place, l&rsquo;aventure devient politique et le combat de l&rsquo;Atlantic Bar devient le n\u00f4tre.<\/p>\n<\/div><\/div>\n\n\n\n<p><\/p>\n\n\n\n<p class=\"has-text-align-center\">_<\/p>\n\n\n\n<p><\/p>\n\n\n\n<p><strong>Interview de la r\u00e9alisatrice Fanny Molins<\/strong><\/p>\n\n\n\n<figure class=\"wp-block-embed is-type-video is-provider-youtube wp-block-embed-youtube wp-embed-aspect-16-9 wp-has-aspect-ratio\"><div class=\"wp-block-embed__wrapper\">\n<iframe title=\"ENTRETIEN FILM\u00c9 | Atlantic Bar\" width=\"950\" height=\"534\" src=\"https:\/\/www.youtube.com\/embed\/ULR6EEIm2qs?feature=oembed\" frameborder=\"0\" allow=\"accelerometer; autoplay; clipboard-write; encrypted-media; gyroscope; picture-in-picture; web-share\" referrerpolicy=\"strict-origin-when-cross-origin\" allowfullscreen><\/iframe>\n<\/div><\/figure>\n\n\n\n<p><\/p>\n\n\n\n<h2 class=\"wp-block-heading has-text-align-center\"><a href=\"http:\/\/www.archifilm.fr\/wp\/?redirect_to=random\">Consulter une autre fiche tir\u00e9e au hasard<\/a><\/h2>\n\n\n\n<p><\/p>\n","protected":false},"excerpt":{"rendered":"<p>_ Bande annonce _ Mots cl\u00e9s Fanny Molins, documentaire bar, appartement, appartement de fonction, comptoir, vitrine, espace public, gentrification, tour Luma _ R\u00e9sum\u00e9 \u00c0 l&rsquo;Atlantic Bar, \u00e0 Arles, Nathalie, la patronne, est le centre de l&rsquo;attention. Ici, on chante, on danse, on se tient les uns aux autres. Apr\u00e8s l&rsquo;annonce de la mise en vente &hellip; <\/p>\n<p class=\"link-more\"><a href=\"https:\/\/archifilm.fr\/wp\/?p=208\" class=\"more-link\">Lire la suite de<span class=\"screen-reader-text\">\u00ab\u00a0Atlantic Bar, Fanny Molins, 2023\u00a0\u00bb<\/span><\/a><\/p>\n","protected":false},"author":1,"featured_media":0,"comment_status":"open","ping_status":"open","sticky":false,"template":"","format":"standard","meta":{"footnotes":""},"categories":[7],"tags":[],"class_list":["post-208","post","type-post","status-publish","format-standard","hentry","category-ressources"],"featured_media_urls":[],"_links":{"self":[{"href":"https:\/\/archifilm.fr\/wp\/index.php?rest_route=\/wp\/v2\/posts\/208","targetHints":{"allow":["GET"]}}],"collection":[{"href":"https:\/\/archifilm.fr\/wp\/index.php?rest_route=\/wp\/v2\/posts"}],"about":[{"href":"https:\/\/archifilm.fr\/wp\/index.php?rest_route=\/wp\/v2\/types\/post"}],"author":[{"embeddable":true,"href":"https:\/\/archifilm.fr\/wp\/index.php?rest_route=\/wp\/v2\/users\/1"}],"replies":[{"embeddable":true,"href":"https:\/\/archifilm.fr\/wp\/index.php?rest_route=%2Fwp%2Fv2%2Fcomments&post=208"}],"version-history":[{"count":4,"href":"https:\/\/archifilm.fr\/wp\/index.php?rest_route=\/wp\/v2\/posts\/208\/revisions"}],"predecessor-version":[{"id":262,"href":"https:\/\/archifilm.fr\/wp\/index.php?rest_route=\/wp\/v2\/posts\/208\/revisions\/262"}],"wp:attachment":[{"href":"https:\/\/archifilm.fr\/wp\/index.php?rest_route=%2Fwp%2Fv2%2Fmedia&parent=208"}],"wp:term":[{"taxonomy":"category","embeddable":true,"href":"https:\/\/archifilm.fr\/wp\/index.php?rest_route=%2Fwp%2Fv2%2Fcategories&post=208"},{"taxonomy":"post_tag","embeddable":true,"href":"https:\/\/archifilm.fr\/wp\/index.php?rest_route=%2Fwp%2Fv2%2Ftags&post=208"}],"curies":[{"name":"wp","href":"https:\/\/api.w.org\/{rel}","templated":true}]}}