{"id":550,"date":"2024-06-14T09:10:09","date_gmt":"2024-06-14T07:10:09","guid":{"rendered":"https:\/\/archifilm.fr\/wp\/?p=550"},"modified":"2024-06-14T22:10:34","modified_gmt":"2024-06-14T20:10:34","slug":"sur-ladamant-nicolas-philibert-2023","status":"publish","type":"post","link":"https:\/\/archifilm.fr\/wp\/?p=550","title":{"rendered":"Sur l\u2019Adamant, Nicolas Philibert, 2023"},"content":{"rendered":"\n<p class=\"has-text-align-center\">_<\/p>\n\n\n\n<p><strong>Bande annonce<\/strong><\/p>\n\n\n\n<figure class=\"wp-block-embed is-type-video is-provider-youtube wp-block-embed-youtube wp-embed-aspect-16-9 wp-has-aspect-ratio\"><div class=\"wp-block-embed__wrapper\">\n<iframe title=\"SUR L&#039;ADAMANT r\u00e9alis\u00e9 par Nicolas Philibert - Bande annonce officielle\" width=\"950\" height=\"534\" src=\"https:\/\/www.youtube.com\/embed\/F8lByNA8rcc?feature=oembed\" frameborder=\"0\" allow=\"accelerometer; autoplay; clipboard-write; encrypted-media; gyroscope; picture-in-picture; web-share\" referrerpolicy=\"strict-origin-when-cross-origin\" allowfullscreen><\/iframe>\n<\/div><\/figure>\n\n\n\n<p class=\"has-text-align-center\">_<\/p>\n\n\n\n<p><\/p>\n\n\n\n<figure class=\"wp-block-table\"><table><tbody><tr><td class=\"has-text-align-center\" data-align=\"center\"><strong>Mots cl\u00e9s<\/strong><\/td><\/tr><tr><td class=\"has-text-align-center\" data-align=\"center\">Nicolas Philibert, documentaire, psychiatrie institutionnelle<\/td><\/tr><tr><td class=\"has-text-align-center\" data-align=\"center\">centre d&rsquo;accueil hospitalier, p\u00e9niche, bateau, pi\u00e8ce commune, atelier, p\u00f4le m\u00e9dical, bar<\/td><\/tr><\/tbody><\/table><\/figure>\n\n\n\n<p><\/p>\n\n\n\n<p class=\"has-text-align-center\">_<\/p>\n\n\n\n<p><\/p>\n\n\n\n<p><strong>R\u00e9sum\u00e9<\/strong><\/p>\n\n\n\n<div class=\"wp-block-media-text is-stacked-on-mobile has-background-background-color has-background\"><figure class=\"wp-block-media-text__media\"><img fetchpriority=\"high\" decoding=\"async\" width=\"1024\" height=\"576\" src=\"https:\/\/archifilm.fr\/wp\/wp-content\/uploads\/2024\/06\/sur-l-adamant-_nicolas-philibert-1024x576.jpg\" alt=\"\" class=\"wp-image-565 size-full\" srcset=\"https:\/\/archifilm.fr\/wp\/wp-content\/uploads\/2024\/06\/sur-l-adamant-_nicolas-philibert-1024x576.jpg 1024w, https:\/\/archifilm.fr\/wp\/wp-content\/uploads\/2024\/06\/sur-l-adamant-_nicolas-philibert-300x169.jpg 300w, https:\/\/archifilm.fr\/wp\/wp-content\/uploads\/2024\/06\/sur-l-adamant-_nicolas-philibert.jpg 1200w\" sizes=\"(max-width: 1024px) 100vw, 1024px\" \/><\/figure><div class=\"wp-block-media-text__content\">\n<p><em>(d&rsquo;apr\u00e8s dossier de presse)<\/em><\/p>\n\n\n\n<p><br>L\u2019Adamant est un Centre de Jour unique en son genre : c\u2019est un b\u00e2timent flottant. \u00c9difi\u00e9 sur la Seine, en plein c\u0153ur de Paris, il accueille des adultes souffrant de troubles psychiques, leur offrant un cadre de soins qui les structure dans le temps et l\u2019espace, les aide \u00e0 renouer avec le monde, \u00e0 retrouver un peu d\u2019\u00e9lan.<br>L\u2019\u00e9quipe qui l\u2019anime est de celles qui tentent de r\u00e9sister autant qu\u2019elles peuvent au d\u00e9labrement et \u00e0 la d\u00e9shumanisation de la psychiatrie. Ce film nous propose de monter \u00e0 son bord et d\u2019aller \u00e0 la rencontre des patients et soignants qui en inventent jour apr\u00e8s jour le quotidien.<\/p>\n<\/div><\/div>\n\n\n\n<div class=\"wp-block-media-text has-media-on-the-right is-stacked-on-mobile\"><div class=\"wp-block-media-text__content\">\n<p>L\u2019Adamant est amarr\u00e9 quai de la Rap\u00e9e, sur la rive droite de la Seine, \u00e0 deux pas de la Gare de Lyon. C\u2019est un \u00ab centre de jour \u00bb. Il fait partie du p\u00f4le psychiatrique Paris Centre, qui comprend \u00e9galement deux CMP (Centres M\u00e9dicaux Psychologiques), une \u00e9quipe mobile, et deux unit\u00e9s (Averro\u00e8s et Rosa Parks) au sein de l\u2019h\u00f4pital psychiatrique Esquirol &#8211; bien connu autrefois sous le nom d\u2019asile de Charenton &#8211; lui-m\u00eame rattach\u00e9 aux H\u00f4pitaux de Saint-Maurice.<\/p>\n\n\n\n<p>Ce n\u2019est donc pas un lieu isol\u00e9, car toutes les structures qui composent le p\u00f4le, reli\u00e9es les unes aux autres, forment un maillage dans lequel patients et soignants sont constamment appel\u00e9s \u00e0 circuler, chacun pouvant construire sa propre cartographie, trouver sa propre solution entre les diff\u00e9rents points d\u2019appui propos\u00e9s.<\/p>\n<\/div><figure class=\"wp-block-media-text__media\"><img decoding=\"async\" width=\"1024\" height=\"576\" src=\"https:\/\/archifilm.fr\/wp\/wp-content\/uploads\/2024\/06\/0907633163-web-tete-1024x576.jpg\" alt=\"\" class=\"wp-image-566 size-full\" srcset=\"https:\/\/archifilm.fr\/wp\/wp-content\/uploads\/2024\/06\/0907633163-web-tete-1024x576.jpg 1024w, https:\/\/archifilm.fr\/wp\/wp-content\/uploads\/2024\/06\/0907633163-web-tete-300x169.jpg 300w, https:\/\/archifilm.fr\/wp\/wp-content\/uploads\/2024\/06\/0907633163-web-tete.jpg 1280w\" sizes=\"(max-width: 1024px) 100vw, 1024px\" \/><\/figure><\/div>\n\n\n\n<div class=\"wp-block-media-text is-stacked-on-mobile has-background-background-color has-background\"><figure class=\"wp-block-media-text__media\"><img decoding=\"async\" width=\"1024\" height=\"589\" src=\"https:\/\/archifilm.fr\/wp\/wp-content\/uploads\/2024\/06\/sur-l-adamant-de-nicolas-philibert-refaire-surface-1681840744-1024x589.jpg\" alt=\"\" class=\"wp-image-567 size-full\" srcset=\"https:\/\/archifilm.fr\/wp\/wp-content\/uploads\/2024\/06\/sur-l-adamant-de-nicolas-philibert-refaire-surface-1681840744-1024x589.jpg 1024w, https:\/\/archifilm.fr\/wp\/wp-content\/uploads\/2024\/06\/sur-l-adamant-de-nicolas-philibert-refaire-surface-1681840744-300x173.jpg 300w, https:\/\/archifilm.fr\/wp\/wp-content\/uploads\/2024\/06\/sur-l-adamant-de-nicolas-philibert-refaire-surface-1681840744.jpg 1200w\" sizes=\"(max-width: 1024px) 100vw, 1024px\" \/><\/figure><div class=\"wp-block-media-text__content\">\n<p>C\u2019est un b\u00e2timent en bois de 650 m2, dot\u00e9 de grandes baies vitr\u00e9es ouvertes sur la Seine. Les architectes (Agence Seine Design) qui l\u2019ont con\u00e7u ont travaill\u00e9 en liens \u00e9troits avec l\u2019\u00e9quipe soignante et les patients du secteur.<\/p>\n\n\n\n<p>La psychiatrie publique en France \u00e9tant \u00ab sectoris\u00e9e \u00bb, l\u2019Adamant comme les diff\u00e9rents lieux d\u2019accueil du p\u00f4le Paris centre est d\u00e9di\u00e9 aux patients des quatre premiers arrondissements de la capitale. Certains patients le fr\u00e9quentent tous les jours, d\u2019autres n\u2019y viennent que de temps \u00e0 autre, \u00e0 intervalles r\u00e9guliers ou non. Ils sont de tous \u00e2ges, et d\u2019origines sociales diverses. La semaine commence par un petit-d\u00e9jeuner avec tous ceux qui sont l\u00e0, puis c\u2019est Lundispensable, la r\u00e9union hebdomadaire qui rassemble soignants et patients. Chacun peut inscrire \u00e0 l\u2019ordre du jour les points qu\u2019il veut voir aborder, on \u00e9change des nouvelles, on \u00e9voque les projets, une sortie au th\u00e9\u00e2tre, la venue prochaine d\u2019un invit\u00e9, une randonn\u00e9e en for\u00eat, un concert, une exposition\u2026<\/p>\n<\/div><\/div>\n\n\n\n<p><\/p>\n\n\n\n<p class=\"has-text-align-center\">_<\/p>\n\n\n\n<p><\/p>\n\n\n\n<p><strong>Interview de Nicolas Philibert<\/strong><\/p>\n\n\n\n<figure class=\"wp-block-embed is-type-video is-provider-youtube wp-block-embed-youtube wp-embed-aspect-16-9 wp-has-aspect-ratio\"><div class=\"wp-block-embed__wrapper\">\n<iframe title=\"Nicolas Philibert: &quot;Sur l&#039;Adamant&quot;\" width=\"950\" height=\"534\" src=\"https:\/\/www.youtube.com\/embed\/IavikDx6Rf4?feature=oembed\" frameborder=\"0\" allow=\"accelerometer; autoplay; clipboard-write; encrypted-media; gyroscope; picture-in-picture; web-share\" referrerpolicy=\"strict-origin-when-cross-origin\" allowfullscreen><\/iframe>\n<\/div><\/figure>\n\n\n\n<h2 class=\"wp-block-heading has-text-align-center\"><a href=\"http:\/\/www.archifilm.fr\/wp\/?redirect_to=random\">Consulter une autre fiche tir\u00e9e au hasard<\/a><\/h2>\n\n\n\n<p><\/p>\n","protected":false},"excerpt":{"rendered":"<p>_ Bande annonce _ Mots cl\u00e9s Nicolas Philibert, documentaire, psychiatrie institutionnelle centre d&rsquo;accueil hospitalier, p\u00e9niche, bateau, pi\u00e8ce commune, atelier, p\u00f4le m\u00e9dical, bar _ R\u00e9sum\u00e9 (d&rsquo;apr\u00e8s dossier de presse) L\u2019Adamant est un Centre de Jour unique en son genre : c\u2019est un b\u00e2timent flottant. \u00c9difi\u00e9 sur la Seine, en plein c\u0153ur de Paris, il accueille des &hellip; <\/p>\n<p class=\"link-more\"><a href=\"https:\/\/archifilm.fr\/wp\/?p=550\" class=\"more-link\">Lire la suite de<span class=\"screen-reader-text\">\u00ab\u00a0Sur l\u2019Adamant, Nicolas Philibert, 2023\u00a0\u00bb<\/span><\/a><\/p>\n","protected":false},"author":1,"featured_media":0,"comment_status":"open","ping_status":"open","sticky":false,"template":"","format":"standard","meta":{"footnotes":""},"categories":[7],"tags":[],"class_list":["post-550","post","type-post","status-publish","format-standard","hentry","category-ressources"],"featured_media_urls":[],"_links":{"self":[{"href":"https:\/\/archifilm.fr\/wp\/index.php?rest_route=\/wp\/v2\/posts\/550","targetHints":{"allow":["GET"]}}],"collection":[{"href":"https:\/\/archifilm.fr\/wp\/index.php?rest_route=\/wp\/v2\/posts"}],"about":[{"href":"https:\/\/archifilm.fr\/wp\/index.php?rest_route=\/wp\/v2\/types\/post"}],"author":[{"embeddable":true,"href":"https:\/\/archifilm.fr\/wp\/index.php?rest_route=\/wp\/v2\/users\/1"}],"replies":[{"embeddable":true,"href":"https:\/\/archifilm.fr\/wp\/index.php?rest_route=%2Fwp%2Fv2%2Fcomments&post=550"}],"version-history":[{"count":6,"href":"https:\/\/archifilm.fr\/wp\/index.php?rest_route=\/wp\/v2\/posts\/550\/revisions"}],"predecessor-version":[{"id":568,"href":"https:\/\/archifilm.fr\/wp\/index.php?rest_route=\/wp\/v2\/posts\/550\/revisions\/568"}],"wp:attachment":[{"href":"https:\/\/archifilm.fr\/wp\/index.php?rest_route=%2Fwp%2Fv2%2Fmedia&parent=550"}],"wp:term":[{"taxonomy":"category","embeddable":true,"href":"https:\/\/archifilm.fr\/wp\/index.php?rest_route=%2Fwp%2Fv2%2Fcategories&post=550"},{"taxonomy":"post_tag","embeddable":true,"href":"https:\/\/archifilm.fr\/wp\/index.php?rest_route=%2Fwp%2Fv2%2Ftags&post=550"}],"curies":[{"name":"wp","href":"https:\/\/api.w.org\/{rel}","templated":true}]}}